{"id":582,"date":"2023-04-20T14:04:43","date_gmt":"2023-04-20T12:04:43","guid":{"rendered":"https:\/\/comalamaison03-appli.fr\/JeunesEuropeensLorraine\/?p=582"},"modified":"2023-04-20T14:08:42","modified_gmt":"2023-04-20T12:08:42","slug":"6-avril-simulation-du-parlement-europeen","status":"publish","type":"post","link":"https:\/\/comalamaison03-appli.fr\/JeunesEuropeensLorraine\/6-avril-simulation-du-parlement-europeen\/","title":{"rendered":"6 avril : Simulation du Parlement europ\u00e9en"},"content":{"rendered":"\t\t<div data-elementor-type=\"wp-post\" data-elementor-id=\"582\" class=\"elementor elementor-582\">\n\t\t\t\t\t\t\t\t\t<section class=\"elementor-section elementor-top-section elementor-element elementor-element-13c23449 elementor-section-boxed elementor-section-height-default elementor-section-height-default\" data-id=\"13c23449\" data-element_type=\"section\">\n\t\t\t\t\t\t<div class=\"elementor-container elementor-column-gap-default\">\n\t\t\t\t\t<div class=\"elementor-column elementor-col-100 elementor-top-column elementor-element elementor-element-797f917f\" data-id=\"797f917f\" data-element_type=\"column\">\n\t\t\t<div class=\"elementor-widget-wrap elementor-element-populated\">\n\t\t\t\t\t\t\t\t<div class=\"elementor-element elementor-element-10bc5595 elementor-widget elementor-widget-heading\" data-id=\"10bc5595\" data-element_type=\"widget\" data-widget_type=\"heading.default\">\n\t\t\t\t<div class=\"elementor-widget-container\">\n\t\t\t<h2 class=\"elementor-heading-title elementor-size-default\">Simulation du Parlement europ\u00e9en sur l\u2019\u00e9galit\u00e9 femme-homme et l\u2019accessibilit\u00e9 des services en Europe<\/h2>\t\t<\/div>\n\t\t\t\t<\/div>\n\t\t\t\t<div class=\"elementor-element elementor-element-230ba49c elementor-widget-divider--view-line elementor-widget elementor-widget-divider\" data-id=\"230ba49c\" data-element_type=\"widget\" data-widget_type=\"divider.default\">\n\t\t\t\t<div class=\"elementor-widget-container\">\n\t\t\t\t\t<div class=\"elementor-divider\">\n\t\t\t<span class=\"elementor-divider-separator\">\n\t\t\t\t\t\t<\/span>\n\t\t<\/div>\n\t\t\t\t<\/div>\n\t\t\t\t<\/div>\n\t\t\t\t\t<\/div>\n\t\t<\/div>\n\t\t\t\t\t\t\t<\/div>\n\t\t<\/section>\n\t\t\t\t<section class=\"elementor-section elementor-top-section elementor-element elementor-element-e4c1284 elementor-section-boxed elementor-section-height-default elementor-section-height-default\" data-id=\"e4c1284\" data-element_type=\"section\">\n\t\t\t\t\t\t<div class=\"elementor-container elementor-column-gap-default\">\n\t\t\t\t\t<div class=\"elementor-column elementor-col-50 elementor-top-column elementor-element elementor-element-6ada5b0c\" data-id=\"6ada5b0c\" data-element_type=\"column\">\n\t\t\t<div class=\"elementor-widget-wrap elementor-element-populated\">\n\t\t\t\t\t\t\t\t<div class=\"elementor-element elementor-element-63334c27 elementor-widget elementor-widget-image\" data-id=\"63334c27\" data-element_type=\"widget\" data-widget_type=\"image.default\">\n\t\t\t\t<div class=\"elementor-widget-container\">\n\t\t\t\t\t\t\t\t\t\t\t\t\t\t\t\t<a href=\"https:\/\/comalamaison03-appli.fr\/JeunesEuropeensLorraine\/wp-content\/uploads\/2023\/03\/6-avril.jpg\" data-elementor-open-lightbox=\"yes\" data-elementor-lightbox-title=\"6 avril\" data-e-action-hash=\"#elementor-action%3Aaction%3Dlightbox%26settings%3DeyJpZCI6NTE5LCJ1cmwiOiJodHRwczpcL1wvY29tYWxhbWFpc29uMDMtYXBwbGkuZnJcL0pldW5lc0V1cm9wZWVuc0xvcnJhaW5lXC93cC1jb250ZW50XC91cGxvYWRzXC8yMDIzXC8wM1wvNi1hdnJpbC5qcGcifQ%3D%3D\">\n\t\t\t\t\t\t\t<img loading=\"lazy\" decoding=\"async\" width=\"1024\" height=\"766\" src=\"https:\/\/comalamaison03-appli.fr\/JeunesEuropeensLorraine\/wp-content\/uploads\/2023\/03\/6-avril-1024x766.jpg\" class=\"attachment-large size-large wp-image-519\" alt=\"\" srcset=\"https:\/\/comalamaison03-appli.fr\/JeunesEuropeensLorraine\/wp-content\/uploads\/2023\/03\/6-avril-1024x766.jpg 1024w, https:\/\/comalamaison03-appli.fr\/JeunesEuropeensLorraine\/wp-content\/uploads\/2023\/03\/6-avril-300x225.jpg 300w, https:\/\/comalamaison03-appli.fr\/JeunesEuropeensLorraine\/wp-content\/uploads\/2023\/03\/6-avril-768x575.jpg 768w, https:\/\/comalamaison03-appli.fr\/JeunesEuropeensLorraine\/wp-content\/uploads\/2023\/03\/6-avril.jpg 1125w\" sizes=\"auto, (max-width: 1024px) 100vw, 1024px\" \/>\t\t\t\t\t\t\t\t<\/a>\n\t\t\t\t\t\t\t\t\t\t\t\t\t\t\t<\/div>\n\t\t\t\t<\/div>\n\t\t\t\t<div class=\"elementor-element elementor-element-f18ac7f elementor-widget elementor-widget-image\" data-id=\"f18ac7f\" data-element_type=\"widget\" data-widget_type=\"image.default\">\n\t\t\t\t<div class=\"elementor-widget-container\">\n\t\t\t\t\t\t\t\t\t\t\t\t\t\t\t\t<a href=\"https:\/\/comalamaison03-appli.fr\/JeunesEuropeensLorraine\/wp-content\/uploads\/2023\/04\/6-avril-siege-metropole-Grand-Nancy.jpg\" data-elementor-open-lightbox=\"yes\" data-elementor-lightbox-title=\"6 avril siege m\u00e9tropole Grand Nancy\" data-e-action-hash=\"#elementor-action%3Aaction%3Dlightbox%26settings%3DeyJpZCI6NTg1LCJ1cmwiOiJodHRwczpcL1wvY29tYWxhbWFpc29uMDMtYXBwbGkuZnJcL0pldW5lc0V1cm9wZWVuc0xvcnJhaW5lXC93cC1jb250ZW50XC91cGxvYWRzXC8yMDIzXC8wNFwvNi1hdnJpbC1zaWVnZS1tZXRyb3BvbGUtR3JhbmQtTmFuY3kuanBnIn0%3D\">\n\t\t\t\t\t\t\t<img loading=\"lazy\" decoding=\"async\" width=\"1024\" height=\"461\" src=\"https:\/\/comalamaison03-appli.fr\/JeunesEuropeensLorraine\/wp-content\/uploads\/2023\/04\/6-avril-siege-metropole-Grand-Nancy-1024x461.jpg\" class=\"attachment-large size-large wp-image-585\" alt=\"\" srcset=\"https:\/\/comalamaison03-appli.fr\/JeunesEuropeensLorraine\/wp-content\/uploads\/2023\/04\/6-avril-siege-metropole-Grand-Nancy-1024x461.jpg 1024w, https:\/\/comalamaison03-appli.fr\/JeunesEuropeensLorraine\/wp-content\/uploads\/2023\/04\/6-avril-siege-metropole-Grand-Nancy-300x135.jpg 300w, https:\/\/comalamaison03-appli.fr\/JeunesEuropeensLorraine\/wp-content\/uploads\/2023\/04\/6-avril-siege-metropole-Grand-Nancy-768x345.jpg 768w, https:\/\/comalamaison03-appli.fr\/JeunesEuropeensLorraine\/wp-content\/uploads\/2023\/04\/6-avril-siege-metropole-Grand-Nancy-1536x691.jpg 1536w, https:\/\/comalamaison03-appli.fr\/JeunesEuropeensLorraine\/wp-content\/uploads\/2023\/04\/6-avril-siege-metropole-Grand-Nancy.jpg 2048w\" sizes=\"auto, (max-width: 1024px) 100vw, 1024px\" \/>\t\t\t\t\t\t\t\t<\/a>\n\t\t\t\t\t\t\t\t\t\t\t\t\t\t\t<\/div>\n\t\t\t\t<\/div>\n\t\t\t\t\t<\/div>\n\t\t<\/div>\n\t\t\t\t<div class=\"elementor-column elementor-col-50 elementor-top-column elementor-element elementor-element-23d88204\" data-id=\"23d88204\" data-element_type=\"column\">\n\t\t\t<div class=\"elementor-widget-wrap elementor-element-populated\">\n\t\t\t\t\t\t\t\t<div class=\"elementor-element elementor-element-6c0a6266 content-align-left icon-box-vertical-align-top icon-position-left icon-vertical-align-start elementor-widget elementor-widget-the7_icon_box_widget\" data-id=\"6c0a6266\" data-element_type=\"widget\" data-widget_type=\"the7_icon_box_widget.default\">\n\t\t\t\t<div class=\"elementor-widget-container\">\n\t\t\t\n\t\t<div class=\"the7-box-wrapper the7-elementor-widget the7_icon_box_widget-6c0a6266\">\t\t\t<div class=\"box-content-wrapper\">\n\t\t\t\t\t\t\t\t\t<a class=\"elementor-icon-div\" >\t\t\t\t\t\t<div class=\"elementor-icon\">\n\t\t\t\t\t\t\t<i aria-hidden=\"true\" class=\"far fa-calendar-alt\"><\/i>\t\t\t\t\t\t<\/div>\n\t\t\t\t\t<\/a>\t\t\t\t\t\t\t\t<div class=\"box-content\">\n\t\t\t\t\t\t\t\t\t\t\t\t\t\t\t\t\t<h4 class=\"box-heading\">\n\t\t\t\t\t\t\t<a >\t\t\t\t\t\t\t\t6 avril\t\t\t\t\t\t\t<\/a>\t\t\t\t\t\t<\/h4>\n\t\t\t\t\t\t\t\t\t\t\n\t\t\t\t\t\n\t\t\t\t<\/div>\n\t\t\t<\/div>\n\t\t<\/div>\t\t\t<\/div>\n\t\t\t\t<\/div>\n\t\t\t\t<div class=\"elementor-element elementor-element-50833388 content-align-left icon-box-vertical-align-top icon-position-left icon-vertical-align-start elementor-widget elementor-widget-the7_icon_box_widget\" data-id=\"50833388\" data-element_type=\"widget\" data-widget_type=\"the7_icon_box_widget.default\">\n\t\t\t\t<div class=\"elementor-widget-container\">\n\t\t\t\n\t\t<div class=\"the7-box-wrapper the7-elementor-widget the7_icon_box_widget-50833388\">\t\t\t<div class=\"box-content-wrapper\">\n\t\t\t\t\t\t\t\t\t<a class=\"elementor-icon-div\" >\t\t\t\t\t\t<div class=\"elementor-icon\">\n\t\t\t\t\t\t\t<i aria-hidden=\"true\" class=\" icomoon-the7-font-the7-map-02\"><\/i>\t\t\t\t\t\t<\/div>\n\t\t\t\t\t<\/a>\t\t\t\t\t\t\t\t<div class=\"box-content\">\n\t\t\t\t\t\t\t\t\t\t\t\t\t\t\t\t\t<h4 class=\"box-heading\">\n\t\t\t\t\t\t\t<a >\t\t\t\t\t\t\t\tNancy\t\t\t\t\t\t\t<\/a>\t\t\t\t\t\t<\/h4>\n\t\t\t\t\t\t\t\t\t\t\n\t\t\t\t\t\n\t\t\t\t<\/div>\n\t\t\t<\/div>\n\t\t<\/div>\t\t\t<\/div>\n\t\t\t\t<\/div>\n\t\t\t\t<div class=\"elementor-element elementor-element-7f9807f2 elementor-widget elementor-widget-text-editor\" data-id=\"7f9807f2\" data-element_type=\"widget\" data-widget_type=\"text-editor.default\">\n\t\t\t\t<div class=\"elementor-widget-container\">\n\t\t\t\t\t\t\t<p>\ud83d\udcc5Le 06 avril, nos b\u00e9n\u00e9voles sont intervenus au lyc\u00e9e Fr\u00e9d\u00e9ric Chopin \u00e0 Nancy.<\/p><p>\ud83d\udde3\ufe0fIl s&rsquo;agissait d&rsquo;une simulation du parlement europ\u00e9en dans le cadre du projet AccessiblEU des Jeunes europ\u00e9ens qui vise \u00e0 rendre la citoyennet\u00e9 europ\u00e9enne accessible \u00e0 tous !!<\/p><p>Les \u00e9l\u00e8ves ont travaill\u00e9 sur deux sujets de directives :<\/p><p>1\ufe0f\u20e3 l&rsquo;\u00e9galit\u00e9 femme-homme<\/p><p>2\ufe0f\u20e3 l&rsquo;accessibilit\u00e9 des services et produits dans l&rsquo;UE<\/p><p>\ud83d\udc69\ud83c\udffc\u200d\ud83c\udf93 Ils \u00e9taient une trentaine avec une classe de 1\u00e8re (20) et une classe ULIS (10) (qui est une classe avec des jeunes qui ont une scolarit\u00e9 adapt\u00e9e du fait de diff\u00e9rents handicaps : <a href=\"http:\/\/www.lycee-chopin.fr\/classe-ulis\" target=\"_blank\" rel=\"noopener\">http:\/\/www.lycee-chopin.fr\/classe-ulis<\/a>)<\/p><p>\ud83d\udd0e La s\u00e9ance pl\u00e9ni\u00e8re s&rsquo;est d\u00e9roul\u00e9e au sein de l\u2019h\u00e9micycle de la m\u00e9tropole du Grand Nancy, pr\u00e9sid\u00e9 par M Arnaud Kremer, conseiller municipal &#8211; d\u00e9l\u00e9gu\u00e9 aux handicaps, \u00e0 l\u2019accessibilit\u00e9 et \u00e0 l&rsquo;inclusion.<\/p><p>\u00a0<\/p>\t\t\t\t\t\t<\/div>\n\t\t\t\t<\/div>\n\t\t\t\t<div class=\"elementor-element elementor-element-3361a8c3 elementor-widget elementor-widget-spacer\" data-id=\"3361a8c3\" data-element_type=\"widget\" data-widget_type=\"spacer.default\">\n\t\t\t\t<div class=\"elementor-widget-container\">\n\t\t\t\t\t<div class=\"elementor-spacer\">\n\t\t\t<div class=\"elementor-spacer-inner\"><\/div>\n\t\t<\/div>\n\t\t\t\t<\/div>\n\t\t\t\t<\/div>\n\t\t\t\t<div class=\"elementor-element elementor-element-711644b9 elementor-align-left elementor-widget elementor-widget-button\" data-id=\"711644b9\" data-element_type=\"widget\" data-widget_type=\"button.default\">\n\t\t\t\t<div class=\"elementor-widget-container\">\n\t\t\t\t\t<div class=\"elementor-button-wrapper\">\n\t\t\t<a href=\"https:\/\/comalamaison03-appli.fr\/JeunesEuropeensLorraine\/evenements-passes\/\" class=\"elementor-button-link elementor-button elementor-size-sm\" role=\"button\">\n\t\t\t\t\t\t<span class=\"elementor-button-content-wrapper\">\n\t\t\t\t\t\t<span class=\"elementor-button-text\">Retour aux \u00e9v\u00e8nements pass\u00e9s<\/span>\n\t\t<\/span>\n\t\t\t\t\t<\/a>\n\t\t<\/div>\n\t\t\t\t<\/div>\n\t\t\t\t<\/div>\n\t\t\t\t\t<\/div>\n\t\t<\/div>\n\t\t\t\t\t\t\t<\/div>\n\t\t<\/section>\n\t\t\t\t\t\t\t<\/div>\n\t\t","protected":false},"excerpt":{"rendered":"<p>Simulation du Parlement europ\u00e9en sur l\u2019\u00e9galit\u00e9 femme-homme et l\u2019accessibilit\u00e9 des services en Europe 6 avril Nancy \ud83d\udcc5Le 06 avril, nos b\u00e9n\u00e9voles sont intervenus au lyc\u00e9e Fr\u00e9d\u00e9ric Chopin \u00e0 Nancy. \ud83d\udde3\ufe0fIl s&rsquo;agissait d&rsquo;une simulation du parlement europ\u00e9en dans le cadre du projet AccessiblEU des Jeunes europ\u00e9ens qui vise \u00e0 rendre la citoyennet\u00e9 europ\u00e9enne accessible \u00e0 tous&hellip;<\/p>\n","protected":false},"author":1,"featured_media":519,"comment_status":"closed","ping_status":"open","sticky":false,"template":"","format":"standard","meta":{"footnotes":""},"categories":[9],"tags":[],"class_list":["post-582","post","type-post","status-publish","format-standard","has-post-thumbnail","hentry","category-passes"],"_links":{"self":[{"href":"https:\/\/comalamaison03-appli.fr\/JeunesEuropeensLorraine\/wp-json\/wp\/v2\/posts\/582","targetHints":{"allow":["GET"]}}],"collection":[{"href":"https:\/\/comalamaison03-appli.fr\/JeunesEuropeensLorraine\/wp-json\/wp\/v2\/posts"}],"about":[{"href":"https:\/\/comalamaison03-appli.fr\/JeunesEuropeensLorraine\/wp-json\/wp\/v2\/types\/post"}],"author":[{"embeddable":true,"href":"https:\/\/comalamaison03-appli.fr\/JeunesEuropeensLorraine\/wp-json\/wp\/v2\/users\/1"}],"replies":[{"embeddable":true,"href":"https:\/\/comalamaison03-appli.fr\/JeunesEuropeensLorraine\/wp-json\/wp\/v2\/comments?post=582"}],"version-history":[{"count":4,"href":"https:\/\/comalamaison03-appli.fr\/JeunesEuropeensLorraine\/wp-json\/wp\/v2\/posts\/582\/revisions"}],"predecessor-version":[{"id":588,"href":"https:\/\/comalamaison03-appli.fr\/JeunesEuropeensLorraine\/wp-json\/wp\/v2\/posts\/582\/revisions\/588"}],"wp:featuredmedia":[{"embeddable":true,"href":"https:\/\/comalamaison03-appli.fr\/JeunesEuropeensLorraine\/wp-json\/wp\/v2\/media\/519"}],"wp:attachment":[{"href":"https:\/\/comalamaison03-appli.fr\/JeunesEuropeensLorraine\/wp-json\/wp\/v2\/media?parent=582"}],"wp:term":[{"taxonomy":"category","embeddable":true,"href":"https:\/\/comalamaison03-appli.fr\/JeunesEuropeensLorraine\/wp-json\/wp\/v2\/categories?post=582"},{"taxonomy":"post_tag","embeddable":true,"href":"https:\/\/comalamaison03-appli.fr\/JeunesEuropeensLorraine\/wp-json\/wp\/v2\/tags?post=582"}],"curies":[{"name":"wp","href":"https:\/\/api.w.org\/{rel}","templated":true}]}}