{"id":567,"date":"2023-04-20T13:53:55","date_gmt":"2023-04-20T11:53:55","guid":{"rendered":"https:\/\/comalamaison03-appli.fr\/JeunesEuropeensLorraine\/?p=567"},"modified":"2023-04-20T13:58:09","modified_gmt":"2023-04-20T11:58:09","slug":"9-10-mars-2023-forum-sante-et-citoyennete","status":"publish","type":"post","link":"https:\/\/comalamaison03-appli.fr\/JeunesEuropeensLorraine\/9-10-mars-2023-forum-sante-et-citoyennete\/","title":{"rendered":"9-10 mars 2023 : Forum \u201csant\u00e9 et citoyennet\u00e9\u201d"},"content":{"rendered":"\t\t<div data-elementor-type=\"wp-post\" data-elementor-id=\"567\" class=\"elementor elementor-567\">\n\t\t\t\t\t\t\t\t\t<section class=\"elementor-section elementor-top-section elementor-element elementor-element-2f8c747 elementor-section-boxed elementor-section-height-default elementor-section-height-default\" data-id=\"2f8c747\" data-element_type=\"section\">\n\t\t\t\t\t\t<div class=\"elementor-container elementor-column-gap-default\">\n\t\t\t\t\t<div class=\"elementor-column elementor-col-100 elementor-top-column elementor-element elementor-element-51c6877a\" data-id=\"51c6877a\" data-element_type=\"column\">\n\t\t\t<div class=\"elementor-widget-wrap elementor-element-populated\">\n\t\t\t\t\t\t\t\t<div class=\"elementor-element elementor-element-2610ccf9 elementor-widget elementor-widget-heading\" data-id=\"2610ccf9\" data-element_type=\"widget\" data-widget_type=\"heading.default\">\n\t\t\t\t<div class=\"elementor-widget-container\">\n\t\t\t<h2 class=\"elementor-heading-title elementor-size-default\">Forum \u201csant\u00e9 et citoyennet\u00e9\u201d -  Animation d\u2019ateliers sur la th\u00e9matique \u201ccitoyennet\u00e9 et mobilit\u00e9 europ\u00e9ennes\u201d au lyc\u00e9e Alain-Fournier<\/h2>\t\t<\/div>\n\t\t\t\t<\/div>\n\t\t\t\t<div class=\"elementor-element elementor-element-7bf9e940 elementor-widget-divider--view-line elementor-widget elementor-widget-divider\" data-id=\"7bf9e940\" data-element_type=\"widget\" data-widget_type=\"divider.default\">\n\t\t\t\t<div class=\"elementor-widget-container\">\n\t\t\t\t\t<div class=\"elementor-divider\">\n\t\t\t<span class=\"elementor-divider-separator\">\n\t\t\t\t\t\t<\/span>\n\t\t<\/div>\n\t\t\t\t<\/div>\n\t\t\t\t<\/div>\n\t\t\t\t\t<\/div>\n\t\t<\/div>\n\t\t\t\t\t\t\t<\/div>\n\t\t<\/section>\n\t\t\t\t<section class=\"elementor-section elementor-top-section elementor-element elementor-element-174d0ccf elementor-section-boxed elementor-section-height-default elementor-section-height-default\" data-id=\"174d0ccf\" data-element_type=\"section\">\n\t\t\t\t\t\t<div class=\"elementor-container elementor-column-gap-default\">\n\t\t\t\t\t<div class=\"elementor-column elementor-col-50 elementor-top-column elementor-element elementor-element-5dba372d\" data-id=\"5dba372d\" data-element_type=\"column\">\n\t\t\t<div class=\"elementor-widget-wrap elementor-element-populated\">\n\t\t\t\t\t\t\t\t<div class=\"elementor-element elementor-element-6719a94 elementor-widget elementor-widget-image\" data-id=\"6719a94\" data-element_type=\"widget\" data-widget_type=\"image.default\">\n\t\t\t\t<div class=\"elementor-widget-container\">\n\t\t\t\t\t\t\t\t\t\t\t\t\t\t\t\t<a href=\"https:\/\/comalamaison03-appli.fr\/JeunesEuropeensLorraine\/wp-content\/uploads\/2023\/03\/1-9-10-mars-2023-forum-sante-et-citoyennete-a-Metz.jpg\" data-elementor-open-lightbox=\"yes\" data-elementor-lightbox-title=\"(1) 9-10 mars 2023 forum sant\u00e9 et citoyennet\u00e9 \u00e0 Metz\" data-e-action-hash=\"#elementor-action%3Aaction%3Dlightbox%26settings%3DeyJpZCI6MzkyLCJ1cmwiOiJodHRwczpcL1wvY29tYWxhbWFpc29uMDMtYXBwbGkuZnJcL0pldW5lc0V1cm9wZWVuc0xvcnJhaW5lXC93cC1jb250ZW50XC91cGxvYWRzXC8yMDIzXC8wM1wvMS05LTEwLW1hcnMtMjAyMy1mb3J1bS1zYW50ZS1ldC1jaXRveWVubmV0ZS1hLU1ldHouanBnIn0%3D\">\n\t\t\t\t\t\t\t<img loading=\"lazy\" decoding=\"async\" width=\"1024\" height=\"461\" src=\"https:\/\/comalamaison03-appli.fr\/JeunesEuropeensLorraine\/wp-content\/uploads\/2023\/03\/1-9-10-mars-2023-forum-sante-et-citoyennete-a-Metz-1024x461.jpg\" class=\"attachment-large size-large wp-image-392\" alt=\"\" srcset=\"https:\/\/comalamaison03-appli.fr\/JeunesEuropeensLorraine\/wp-content\/uploads\/2023\/03\/1-9-10-mars-2023-forum-sante-et-citoyennete-a-Metz-1024x461.jpg 1024w, https:\/\/comalamaison03-appli.fr\/JeunesEuropeensLorraine\/wp-content\/uploads\/2023\/03\/1-9-10-mars-2023-forum-sante-et-citoyennete-a-Metz-300x135.jpg 300w, https:\/\/comalamaison03-appli.fr\/JeunesEuropeensLorraine\/wp-content\/uploads\/2023\/03\/1-9-10-mars-2023-forum-sante-et-citoyennete-a-Metz-768x346.jpg 768w, https:\/\/comalamaison03-appli.fr\/JeunesEuropeensLorraine\/wp-content\/uploads\/2023\/03\/1-9-10-mars-2023-forum-sante-et-citoyennete-a-Metz-1536x691.jpg 1536w, https:\/\/comalamaison03-appli.fr\/JeunesEuropeensLorraine\/wp-content\/uploads\/2023\/03\/1-9-10-mars-2023-forum-sante-et-citoyennete-a-Metz.jpg 1640w\" sizes=\"auto, (max-width: 1024px) 100vw, 1024px\" \/>\t\t\t\t\t\t\t\t<\/a>\n\t\t\t\t\t\t\t\t\t\t\t\t\t\t\t<\/div>\n\t\t\t\t<\/div>\n\t\t\t\t\t<\/div>\n\t\t<\/div>\n\t\t\t\t<div class=\"elementor-column elementor-col-50 elementor-top-column elementor-element elementor-element-288970b8\" data-id=\"288970b8\" data-element_type=\"column\">\n\t\t\t<div class=\"elementor-widget-wrap elementor-element-populated\">\n\t\t\t\t\t\t\t\t<div class=\"elementor-element elementor-element-10ac7227 content-align-left icon-box-vertical-align-top icon-position-left icon-vertical-align-start elementor-widget elementor-widget-the7_icon_box_widget\" data-id=\"10ac7227\" data-element_type=\"widget\" data-widget_type=\"the7_icon_box_widget.default\">\n\t\t\t\t<div class=\"elementor-widget-container\">\n\t\t\t\n\t\t<div class=\"the7-box-wrapper the7-elementor-widget the7_icon_box_widget-10ac7227\">\t\t\t<div class=\"box-content-wrapper\">\n\t\t\t\t\t\t\t\t\t<a class=\"elementor-icon-div\" >\t\t\t\t\t\t<div class=\"elementor-icon\">\n\t\t\t\t\t\t\t<i aria-hidden=\"true\" class=\"far fa-calendar-alt\"><\/i>\t\t\t\t\t\t<\/div>\n\t\t\t\t\t<\/a>\t\t\t\t\t\t\t\t<div class=\"box-content\">\n\t\t\t\t\t\t\t\t\t\t\t\t\t\t\t\t\t<h4 class=\"box-heading\">\n\t\t\t\t\t\t\t<a >\t\t\t\t\t\t\t\t9-10 mars 2023\t\t\t\t\t\t\t<\/a>\t\t\t\t\t\t<\/h4>\n\t\t\t\t\t\t\t\t\t\t\n\t\t\t\t\t\n\t\t\t\t<\/div>\n\t\t\t<\/div>\n\t\t<\/div>\t\t\t<\/div>\n\t\t\t\t<\/div>\n\t\t\t\t<div class=\"elementor-element elementor-element-1dd44c5 content-align-left icon-box-vertical-align-top icon-position-left icon-vertical-align-start elementor-widget elementor-widget-the7_icon_box_widget\" data-id=\"1dd44c5\" data-element_type=\"widget\" data-widget_type=\"the7_icon_box_widget.default\">\n\t\t\t\t<div class=\"elementor-widget-container\">\n\t\t\t\n\t\t<div class=\"the7-box-wrapper the7-elementor-widget the7_icon_box_widget-1dd44c5\">\t\t\t<div class=\"box-content-wrapper\">\n\t\t\t\t\t\t\t\t\t<a class=\"elementor-icon-div\" >\t\t\t\t\t\t<div class=\"elementor-icon\">\n\t\t\t\t\t\t\t<i aria-hidden=\"true\" class=\" icomoon-the7-font-the7-map-02\"><\/i>\t\t\t\t\t\t<\/div>\n\t\t\t\t\t<\/a>\t\t\t\t\t\t\t\t<div class=\"box-content\">\n\t\t\t\t\t\t\t\t\t\t\t\t\t\t\t\t\t<h4 class=\"box-heading\">\n\t\t\t\t\t\t\t<a >\t\t\t\t\t\t\t\tMetz\t\t\t\t\t\t\t<\/a>\t\t\t\t\t\t<\/h4>\n\t\t\t\t\t\t\t\t\t\t\n\t\t\t\t\t\n\t\t\t\t<\/div>\n\t\t\t<\/div>\n\t\t<\/div>\t\t\t<\/div>\n\t\t\t\t<\/div>\n\t\t\t\t<div class=\"elementor-element elementor-element-f278dcf elementor-widget elementor-widget-text-editor\" data-id=\"f278dcf\" data-element_type=\"widget\" data-widget_type=\"text-editor.default\">\n\t\t\t\t<div class=\"elementor-widget-container\">\n\t\t\t\t\t\t\t<p>Les 9 et 10 mars, nos b\u00e9n\u00e9voles \u00e9taient pr\u00e9sents \u00e0 Metz pour le forum annuel \u00ab\u00a0sant\u00e9 et citoyennet\u00e9\u00a0\u00bb \ud83c\udf31du lyc\u00e9e Alain Fournier pour animer des ateliers autour de la mobilit\u00e9 et la citoyennet\u00e9 europ\u00e9enne \ud83d\udde3\ufe0f aupr\u00e8s de diff\u00e9rents \u00e9l\u00e8ves. \ud83c\uddea\ud83c\uddfa<\/p>\t\t\t\t\t\t<\/div>\n\t\t\t\t<\/div>\n\t\t\t\t<div class=\"elementor-element elementor-element-244ad604 elementor-widget elementor-widget-spacer\" data-id=\"244ad604\" data-element_type=\"widget\" data-widget_type=\"spacer.default\">\n\t\t\t\t<div class=\"elementor-widget-container\">\n\t\t\t\t\t<div class=\"elementor-spacer\">\n\t\t\t<div class=\"elementor-spacer-inner\"><\/div>\n\t\t<\/div>\n\t\t\t\t<\/div>\n\t\t\t\t<\/div>\n\t\t\t\t<div class=\"elementor-element elementor-element-6b67c123 elementor-align-left elementor-widget elementor-widget-button\" data-id=\"6b67c123\" data-element_type=\"widget\" data-widget_type=\"button.default\">\n\t\t\t\t<div class=\"elementor-widget-container\">\n\t\t\t\t\t<div class=\"elementor-button-wrapper\">\n\t\t\t<a href=\"https:\/\/comalamaison03-appli.fr\/JeunesEuropeensLorraine\/evenements-passes\/\" class=\"elementor-button-link elementor-button elementor-size-sm\" role=\"button\">\n\t\t\t\t\t\t<span class=\"elementor-button-content-wrapper\">\n\t\t\t\t\t\t<span class=\"elementor-button-text\">Retour aux \u00e9v\u00e8nements pass\u00e9s<\/span>\n\t\t<\/span>\n\t\t\t\t\t<\/a>\n\t\t<\/div>\n\t\t\t\t<\/div>\n\t\t\t\t<\/div>\n\t\t\t\t\t<\/div>\n\t\t<\/div>\n\t\t\t\t\t\t\t<\/div>\n\t\t<\/section>\n\t\t\t\t\t\t\t<\/div>\n\t\t","protected":false},"excerpt":{"rendered":"<p>Forum \u201csant\u00e9 et citoyennet\u00e9\u201d &#8211; Animation d\u2019ateliers sur la th\u00e9matique \u201ccitoyennet\u00e9 et mobilit\u00e9 europ\u00e9ennes\u201d au lyc\u00e9e Alain-Fournier 9-10 mars 2023 Metz Les 9 et 10 mars, nos b\u00e9n\u00e9voles \u00e9taient pr\u00e9sents \u00e0 Metz pour le forum annuel \u00ab\u00a0sant\u00e9 et citoyennet\u00e9\u00a0\u00bb \ud83c\udf31du lyc\u00e9e Alain Fournier pour animer des ateliers autour de la mobilit\u00e9 et la citoyennet\u00e9 europ\u00e9enne&hellip;<\/p>\n","protected":false},"author":1,"featured_media":392,"comment_status":"closed","ping_status":"open","sticky":false,"template":"","format":"standard","meta":{"footnotes":""},"categories":[9],"tags":[],"class_list":["post-567","post","type-post","status-publish","format-standard","has-post-thumbnail","hentry","category-passes"],"_links":{"self":[{"href":"https:\/\/comalamaison03-appli.fr\/JeunesEuropeensLorraine\/wp-json\/wp\/v2\/posts\/567","targetHints":{"allow":["GET"]}}],"collection":[{"href":"https:\/\/comalamaison03-appli.fr\/JeunesEuropeensLorraine\/wp-json\/wp\/v2\/posts"}],"about":[{"href":"https:\/\/comalamaison03-appli.fr\/JeunesEuropeensLorraine\/wp-json\/wp\/v2\/types\/post"}],"author":[{"embeddable":true,"href":"https:\/\/comalamaison03-appli.fr\/JeunesEuropeensLorraine\/wp-json\/wp\/v2\/users\/1"}],"replies":[{"embeddable":true,"href":"https:\/\/comalamaison03-appli.fr\/JeunesEuropeensLorraine\/wp-json\/wp\/v2\/comments?post=567"}],"version-history":[{"count":4,"href":"https:\/\/comalamaison03-appli.fr\/JeunesEuropeensLorraine\/wp-json\/wp\/v2\/posts\/567\/revisions"}],"predecessor-version":[{"id":572,"href":"https:\/\/comalamaison03-appli.fr\/JeunesEuropeensLorraine\/wp-json\/wp\/v2\/posts\/567\/revisions\/572"}],"wp:featuredmedia":[{"embeddable":true,"href":"https:\/\/comalamaison03-appli.fr\/JeunesEuropeensLorraine\/wp-json\/wp\/v2\/media\/392"}],"wp:attachment":[{"href":"https:\/\/comalamaison03-appli.fr\/JeunesEuropeensLorraine\/wp-json\/wp\/v2\/media?parent=567"}],"wp:term":[{"taxonomy":"category","embeddable":true,"href":"https:\/\/comalamaison03-appli.fr\/JeunesEuropeensLorraine\/wp-json\/wp\/v2\/categories?post=567"},{"taxonomy":"post_tag","embeddable":true,"href":"https:\/\/comalamaison03-appli.fr\/JeunesEuropeensLorraine\/wp-json\/wp\/v2\/tags?post=567"}],"curies":[{"name":"wp","href":"https:\/\/api.w.org\/{rel}","templated":true}]}}